{"id":17321,"date":"2024-08-13T10:45:50","date_gmt":"2024-08-13T08:45:50","guid":{"rendered":"https:\/\/i-potentials.de\/?p=17321"},"modified":"2024-08-13T10:49:09","modified_gmt":"2024-08-13T08:49:09","slug":"podcast-constanze-buchheim-fuehrungskraefte-macht-leadership","status":"publish","type":"post","link":"https:\/\/i-potentials.de\/de\/podcast-constanze-buchheim-fuehrungskraefte-macht-leadership\/","title":{"rendered":"Podcast-Empfehlung: &#8222;Wegen guter F\u00fchrung&#8220; mit Constanze Buchheim"},"content":{"rendered":"<p>&#8222;Macht&#8220; \u2013 das ist ein Begriff, der bei vielen von uns, auch bei F\u00fchrungspers\u00f6nlichkeiten, negative Assoziationen weckt. H\u00f6ren wir &#8222;Macht&#8220; kommt uns \u00f6fter &#8222;Machtmissbrauch&#8220; als &#8222;Gestaltungsmacht&#8220; in den Sinn. Wir denken an Diktatoren, Despoten und Menschen, die ihre Interessen ohne R\u00fccksicht durchsetzen. Dabei m\u00fcssen wir Macht bewusst annehmen und einsetzen, um \u00fcberhaupt positiv wirksam zu werden \u2013 und uns so auch f\u00fcr die Interessen der Gesellschaft und unserer Organisationen einzusetzen.<\/p>\n<p>Es gibt viele Definitionen von Macht und genauso viele Arten mit ihr umzugehen. Der gemeinsame Nenner: \u201eWer etwas ver\u00e4ndern m\u00f6chte, braucht Macht\u201c, sagt <a class=\"app-aware-link \" href=\"https:\/\/www.linkedin.com\/company\/i-potentials-gmbh\/\" target=\"_self\" rel=\"noopener\" data-test-app-aware-link=\"\">i-potentials GmbH<\/a> Gr\u00fcnderin und Managing Partnerin <a id=\"ember1268\" class=\"ember-view\" href=\"https:\/\/www.linkedin.com\/in\/constanzebuchheim\/\">Constanze Buchheim<\/a>.\u00a0Im <a class=\"app-aware-link \" href=\"https:\/\/www.linkedin.com\/company\/harvard-business-manager\/\" target=\"_self\" rel=\"noopener\" data-test-app-aware-link=\"\">Harvard Business manager<\/a>-Podcast \u201eWegen guter F\u00fchrung\u201c mit <a id=\"ember1269\" class=\"ember-view\" href=\"https:\/\/www.linkedin.com\/in\/antonia-goetsch\/\">Antonia G\u00f6tsch<\/a> erfahren Sie, warum Sie Mut zur Macht haben sollen und wie Sie Machtdynamiken erkennen.<\/p>\n<p>Hier k\u00f6nnen Sie die Podcast-Folge auf <a href=\"https:\/\/open.spotify.com\/episode\/6WzbLQBH0nVDuCM2NsaNUk?si=NP7w3Mt3SKSGlrTqQQjHjg\">Spotify<\/a> und bei <a href=\"https:\/\/podcasts.apple.com\/si\/podcast\/keine-angst-vor-macht-und-m%C3%A4chtigen\/id1520157050?i=1000652561063\">Apple Podcasts<\/a> h\u00f6ren. Mehr Informationen gibt es direkt beim <a href=\"https:\/\/www.manager-magazin.de\/hbm\/fuehrung\/wie-wir-macht-positiv-einsetzen-koennen-a-59e52e01-ae83-4899-8935-8b829c5cff4e\">Harvard Business manager<\/a>.<\/p>\n","protected":false},"excerpt":{"rendered":"<p>&#8222;Macht&#8220; \u2013 das ist ein Begriff, der bei vielen von uns, auch bei F\u00fchrungspers\u00f6nlichkeiten, negative Assoziationen weckt. H\u00f6ren wir &#8222;Macht&#8220; kommt uns \u00f6fter &#8222;Machtmissbrauch&#8220; als &#8222;Gestaltungsmacht&#8220; in den Sinn. Wir denken an Diktatoren, Despoten und Menschen, die ihre Interessen ohne R\u00fccksicht durchsetzen. Dabei m\u00fcssen wir Macht bewusst annehmen und einsetzen, um \u00fcberhaupt positiv wirksam zu &#8230;.<\/p>\n","protected":false},"author":7,"featured_media":17323,"comment_status":"closed","ping_status":"closed","sticky":false,"template":"","format":"standard","meta":{"_acf_changed":false,"footnotes":""},"categories":[34],"tags":[53,54,55],"class_list":["post-17321","post","type-post","status-publish","format-standard","has-post-thumbnail","hentry","category-buecher-podcasts","tag-leadership","tag-macht","tag-podcast"],"acf":[],"yoast_head":"<!-- This site is optimized with the Yoast SEO plugin v27.4 - https:\/\/yoast.com\/product\/yoast-seo-wordpress\/ -->\n<title>Podcast-Empfehlung: &quot;Wegen guter F\u00fchrung&quot; mit Constanze Buchheim - i-potentials<\/title>\n<meta name=\"description\" content=\"Viele F\u00fchrungskr\u00e4fte haben ein gespaltenes Verh\u00e4ltnis zur Macht. Leadership-Expertin Constanze Buchheim im Podcast-Gespr\u00e4ch zum Thema.\" \/>\n<meta name=\"robots\" content=\"index, follow, max-snippet:-1, max-image-preview:large, max-video-preview:-1\" \/>\n<link rel=\"canonical\" href=\"https:\/\/i-potentials.de\/de\/podcast-constanze-buchheim-fuehrungskraefte-macht-leadership\/\" \/>\n<meta property=\"og:locale\" content=\"de_DE\" \/>\n<meta property=\"og:type\" content=\"article\" \/>\n<meta property=\"og:title\" content=\"Podcast-Empfehlung: &quot;Wegen guter F\u00fchrung&quot; mit Constanze Buchheim - i-potentials\" \/>\n<meta property=\"og:description\" content=\"Viele F\u00fchrungskr\u00e4fte haben ein gespaltenes Verh\u00e4ltnis zur Macht. Leadership-Expertin Constanze Buchheim im Podcast-Gespr\u00e4ch zum Thema.\" \/>\n<meta property=\"og:url\" content=\"https:\/\/i-potentials.de\/de\/podcast-constanze-buchheim-fuehrungskraefte-macht-leadership\/\" \/>\n<meta property=\"og:site_name\" content=\"i-potentials\" \/>\n<meta property=\"article:published_time\" content=\"2024-08-13T08:45:50+00:00\" \/>\n<meta property=\"article:modified_time\" content=\"2024-08-13T08:49:09+00:00\" \/>\n<meta property=\"og:image\" content=\"https:\/\/i-potentials.de\/wp-content\/uploads\/2024\/08\/dan-lefebvre-cVI8ViAhU04-unsplash.jpg\" \/>\n\t<meta property=\"og:image:width\" content=\"1920\" \/>\n\t<meta property=\"og:image:height\" content=\"1238\" \/>\n\t<meta property=\"og:image:type\" content=\"image\/jpeg\" \/>\n<meta name=\"author\" content=\"Britt-Marie\" \/>\n<meta name=\"twitter:card\" content=\"summary_large_image\" \/>\n<meta name=\"twitter:label1\" content=\"Verfasst von\" \/>\n\t<meta name=\"twitter:data1\" content=\"Britt-Marie\" \/>\n\t<meta name=\"twitter:label2\" content=\"Gesch\u00e4tzte Lesezeit\" \/>\n\t<meta name=\"twitter:data2\" content=\"2\u00a0Minuten\" \/>\n<script type=\"application\/ld+json\" class=\"yoast-schema-graph\">{\"@context\":\"https:\\\/\\\/schema.org\",\"@graph\":[{\"@type\":\"Article\",\"@id\":\"https:\\\/\\\/i-potentials.de\\\/de\\\/podcast-constanze-buchheim-fuehrungskraefte-macht-leadership\\\/#article\",\"isPartOf\":{\"@id\":\"https:\\\/\\\/i-potentials.de\\\/de\\\/podcast-constanze-buchheim-fuehrungskraefte-macht-leadership\\\/\"},\"author\":{\"name\":\"Britt-Marie\",\"@id\":\"https:\\\/\\\/i-potentials.de\\\/de\\\/#\\\/schema\\\/person\\\/618a45a92130f23978dfa11c0aeb119e\"},\"headline\":\"Podcast-Empfehlung: &#8222;Wegen guter F\u00fchrung&#8220; mit Constanze Buchheim\",\"datePublished\":\"2024-08-13T08:45:50+00:00\",\"dateModified\":\"2024-08-13T08:49:09+00:00\",\"mainEntityOfPage\":{\"@id\":\"https:\\\/\\\/i-potentials.de\\\/de\\\/podcast-constanze-buchheim-fuehrungskraefte-macht-leadership\\\/\"},\"wordCount\":165,\"publisher\":{\"@id\":\"https:\\\/\\\/i-potentials.de\\\/de\\\/#organization\"},\"image\":{\"@id\":\"https:\\\/\\\/i-potentials.de\\\/de\\\/podcast-constanze-buchheim-fuehrungskraefte-macht-leadership\\\/#primaryimage\"},\"thumbnailUrl\":\"https:\\\/\\\/i-potentials.de\\\/wp-content\\\/uploads\\\/2024\\\/08\\\/dan-lefebvre-cVI8ViAhU04-unsplash.jpg\",\"keywords\":[\"Leadership\",\"Macht\",\"Podcast\"],\"articleSection\":[\"B\u00fccher &amp; Podcasts\"],\"inLanguage\":\"de\"},{\"@type\":\"WebPage\",\"@id\":\"https:\\\/\\\/i-potentials.de\\\/de\\\/podcast-constanze-buchheim-fuehrungskraefte-macht-leadership\\\/\",\"url\":\"https:\\\/\\\/i-potentials.de\\\/de\\\/podcast-constanze-buchheim-fuehrungskraefte-macht-leadership\\\/\",\"name\":\"Podcast-Empfehlung: \\\"Wegen guter F\u00fchrung\\\" mit Constanze Buchheim - i-potentials\",\"isPartOf\":{\"@id\":\"https:\\\/\\\/i-potentials.de\\\/de\\\/#website\"},\"primaryImageOfPage\":{\"@id\":\"https:\\\/\\\/i-potentials.de\\\/de\\\/podcast-constanze-buchheim-fuehrungskraefte-macht-leadership\\\/#primaryimage\"},\"image\":{\"@id\":\"https:\\\/\\\/i-potentials.de\\\/de\\\/podcast-constanze-buchheim-fuehrungskraefte-macht-leadership\\\/#primaryimage\"},\"thumbnailUrl\":\"https:\\\/\\\/i-potentials.de\\\/wp-content\\\/uploads\\\/2024\\\/08\\\/dan-lefebvre-cVI8ViAhU04-unsplash.jpg\",\"datePublished\":\"2024-08-13T08:45:50+00:00\",\"dateModified\":\"2024-08-13T08:49:09+00:00\",\"description\":\"Viele F\u00fchrungskr\u00e4fte haben ein gespaltenes Verh\u00e4ltnis zur Macht. Leadership-Expertin Constanze Buchheim im Podcast-Gespr\u00e4ch zum Thema.\",\"breadcrumb\":{\"@id\":\"https:\\\/\\\/i-potentials.de\\\/de\\\/podcast-constanze-buchheim-fuehrungskraefte-macht-leadership\\\/#breadcrumb\"},\"inLanguage\":\"de\",\"potentialAction\":[{\"@type\":\"ReadAction\",\"target\":[\"https:\\\/\\\/i-potentials.de\\\/de\\\/podcast-constanze-buchheim-fuehrungskraefte-macht-leadership\\\/\"]}]},{\"@type\":\"ImageObject\",\"inLanguage\":\"de\",\"@id\":\"https:\\\/\\\/i-potentials.de\\\/de\\\/podcast-constanze-buchheim-fuehrungskraefte-macht-leadership\\\/#primaryimage\",\"url\":\"https:\\\/\\\/i-potentials.de\\\/wp-content\\\/uploads\\\/2024\\\/08\\\/dan-lefebvre-cVI8ViAhU04-unsplash.jpg\",\"contentUrl\":\"https:\\\/\\\/i-potentials.de\\\/wp-content\\\/uploads\\\/2024\\\/08\\\/dan-lefebvre-cVI8ViAhU04-unsplash.jpg\",\"width\":1920,\"height\":1238},{\"@type\":\"BreadcrumbList\",\"@id\":\"https:\\\/\\\/i-potentials.de\\\/de\\\/podcast-constanze-buchheim-fuehrungskraefte-macht-leadership\\\/#breadcrumb\",\"itemListElement\":[{\"@type\":\"ListItem\",\"position\":1,\"name\":\"Startseite\",\"item\":\"https:\\\/\\\/i-potentials.de\\\/de\\\/\"},{\"@type\":\"ListItem\",\"position\":2,\"name\":\"Podcast-Empfehlung: &#8222;Wegen guter F\u00fchrung&#8220; mit Constanze Buchheim\"}]},{\"@type\":\"WebSite\",\"@id\":\"https:\\\/\\\/i-potentials.de\\\/de\\\/#website\",\"url\":\"https:\\\/\\\/i-potentials.de\\\/de\\\/\",\"name\":\"i-potentials\",\"description\":\"\",\"publisher\":{\"@id\":\"https:\\\/\\\/i-potentials.de\\\/de\\\/#organization\"},\"potentialAction\":[{\"@type\":\"SearchAction\",\"target\":{\"@type\":\"EntryPoint\",\"urlTemplate\":\"https:\\\/\\\/i-potentials.de\\\/de\\\/?s={search_term_string}\"},\"query-input\":{\"@type\":\"PropertyValueSpecification\",\"valueRequired\":true,\"valueName\":\"search_term_string\"}}],\"inLanguage\":\"de\"},{\"@type\":\"Organization\",\"@id\":\"https:\\\/\\\/i-potentials.de\\\/de\\\/#organization\",\"name\":\"i-potentials GmbH\",\"url\":\"https:\\\/\\\/i-potentials.de\\\/de\\\/\",\"logo\":{\"@type\":\"ImageObject\",\"inLanguage\":\"de\",\"@id\":\"https:\\\/\\\/i-potentials.de\\\/de\\\/#\\\/schema\\\/logo\\\/image\\\/\",\"url\":\"https:\\\/\\\/i-potentials.de\\\/wp-content\\\/uploads\\\/2021\\\/03\\\/i-potentials-logo.png\",\"contentUrl\":\"https:\\\/\\\/i-potentials.de\\\/wp-content\\\/uploads\\\/2021\\\/03\\\/i-potentials-logo.png\",\"width\":500,\"height\":52,\"caption\":\"i-potentials GmbH\"},\"image\":{\"@id\":\"https:\\\/\\\/i-potentials.de\\\/de\\\/#\\\/schema\\\/logo\\\/image\\\/\"}},{\"@type\":\"Person\",\"@id\":\"https:\\\/\\\/i-potentials.de\\\/de\\\/#\\\/schema\\\/person\\\/618a45a92130f23978dfa11c0aeb119e\",\"name\":\"Britt-Marie\",\"image\":{\"@type\":\"ImageObject\",\"inLanguage\":\"de\",\"@id\":\"https:\\\/\\\/secure.gravatar.com\\\/avatar\\\/345b9ab9ab5893953a2379a0d5e051088bfae61cc19386f7efcc155aeca5fb36?s=96&d=mm&r=g\",\"url\":\"https:\\\/\\\/secure.gravatar.com\\\/avatar\\\/345b9ab9ab5893953a2379a0d5e051088bfae61cc19386f7efcc155aeca5fb36?s=96&d=mm&r=g\",\"contentUrl\":\"https:\\\/\\\/secure.gravatar.com\\\/avatar\\\/345b9ab9ab5893953a2379a0d5e051088bfae61cc19386f7efcc155aeca5fb36?s=96&d=mm&r=g\",\"caption\":\"Britt-Marie\"}}]}<\/script>\n<!-- \/ Yoast SEO plugin. -->","yoast_head_json":{"title":"Podcast-Empfehlung: \"Wegen guter F\u00fchrung\" mit Constanze Buchheim - i-potentials","description":"Viele F\u00fchrungskr\u00e4fte haben ein gespaltenes Verh\u00e4ltnis zur Macht. Leadership-Expertin Constanze Buchheim im Podcast-Gespr\u00e4ch zum Thema.","robots":{"index":"index","follow":"follow","max-snippet":"max-snippet:-1","max-image-preview":"max-image-preview:large","max-video-preview":"max-video-preview:-1"},"canonical":"https:\/\/i-potentials.de\/de\/podcast-constanze-buchheim-fuehrungskraefte-macht-leadership\/","og_locale":"de_DE","og_type":"article","og_title":"Podcast-Empfehlung: \"Wegen guter F\u00fchrung\" mit Constanze Buchheim - i-potentials","og_description":"Viele F\u00fchrungskr\u00e4fte haben ein gespaltenes Verh\u00e4ltnis zur Macht. Leadership-Expertin Constanze Buchheim im Podcast-Gespr\u00e4ch zum Thema.","og_url":"https:\/\/i-potentials.de\/de\/podcast-constanze-buchheim-fuehrungskraefte-macht-leadership\/","og_site_name":"i-potentials","article_published_time":"2024-08-13T08:45:50+00:00","article_modified_time":"2024-08-13T08:49:09+00:00","og_image":[{"width":1920,"height":1238,"url":"https:\/\/i-potentials.de\/wp-content\/uploads\/2024\/08\/dan-lefebvre-cVI8ViAhU04-unsplash.jpg","type":"image\/jpeg"}],"author":"Britt-Marie","twitter_card":"summary_large_image","twitter_misc":{"Verfasst von":"Britt-Marie","Gesch\u00e4tzte Lesezeit":"2\u00a0Minuten"},"schema":{"@context":"https:\/\/schema.org","@graph":[{"@type":"Article","@id":"https:\/\/i-potentials.de\/de\/podcast-constanze-buchheim-fuehrungskraefte-macht-leadership\/#article","isPartOf":{"@id":"https:\/\/i-potentials.de\/de\/podcast-constanze-buchheim-fuehrungskraefte-macht-leadership\/"},"author":{"name":"Britt-Marie","@id":"https:\/\/i-potentials.de\/de\/#\/schema\/person\/618a45a92130f23978dfa11c0aeb119e"},"headline":"Podcast-Empfehlung: &#8222;Wegen guter F\u00fchrung&#8220; mit Constanze Buchheim","datePublished":"2024-08-13T08:45:50+00:00","dateModified":"2024-08-13T08:49:09+00:00","mainEntityOfPage":{"@id":"https:\/\/i-potentials.de\/de\/podcast-constanze-buchheim-fuehrungskraefte-macht-leadership\/"},"wordCount":165,"publisher":{"@id":"https:\/\/i-potentials.de\/de\/#organization"},"image":{"@id":"https:\/\/i-potentials.de\/de\/podcast-constanze-buchheim-fuehrungskraefte-macht-leadership\/#primaryimage"},"thumbnailUrl":"https:\/\/i-potentials.de\/wp-content\/uploads\/2024\/08\/dan-lefebvre-cVI8ViAhU04-unsplash.jpg","keywords":["Leadership","Macht","Podcast"],"articleSection":["B\u00fccher &amp; Podcasts"],"inLanguage":"de"},{"@type":"WebPage","@id":"https:\/\/i-potentials.de\/de\/podcast-constanze-buchheim-fuehrungskraefte-macht-leadership\/","url":"https:\/\/i-potentials.de\/de\/podcast-constanze-buchheim-fuehrungskraefte-macht-leadership\/","name":"Podcast-Empfehlung: \"Wegen guter F\u00fchrung\" mit Constanze Buchheim - i-potentials","isPartOf":{"@id":"https:\/\/i-potentials.de\/de\/#website"},"primaryImageOfPage":{"@id":"https:\/\/i-potentials.de\/de\/podcast-constanze-buchheim-fuehrungskraefte-macht-leadership\/#primaryimage"},"image":{"@id":"https:\/\/i-potentials.de\/de\/podcast-constanze-buchheim-fuehrungskraefte-macht-leadership\/#primaryimage"},"thumbnailUrl":"https:\/\/i-potentials.de\/wp-content\/uploads\/2024\/08\/dan-lefebvre-cVI8ViAhU04-unsplash.jpg","datePublished":"2024-08-13T08:45:50+00:00","dateModified":"2024-08-13T08:49:09+00:00","description":"Viele F\u00fchrungskr\u00e4fte haben ein gespaltenes Verh\u00e4ltnis zur Macht. Leadership-Expertin Constanze Buchheim im Podcast-Gespr\u00e4ch zum Thema.","breadcrumb":{"@id":"https:\/\/i-potentials.de\/de\/podcast-constanze-buchheim-fuehrungskraefte-macht-leadership\/#breadcrumb"},"inLanguage":"de","potentialAction":[{"@type":"ReadAction","target":["https:\/\/i-potentials.de\/de\/podcast-constanze-buchheim-fuehrungskraefte-macht-leadership\/"]}]},{"@type":"ImageObject","inLanguage":"de","@id":"https:\/\/i-potentials.de\/de\/podcast-constanze-buchheim-fuehrungskraefte-macht-leadership\/#primaryimage","url":"https:\/\/i-potentials.de\/wp-content\/uploads\/2024\/08\/dan-lefebvre-cVI8ViAhU04-unsplash.jpg","contentUrl":"https:\/\/i-potentials.de\/wp-content\/uploads\/2024\/08\/dan-lefebvre-cVI8ViAhU04-unsplash.jpg","width":1920,"height":1238},{"@type":"BreadcrumbList","@id":"https:\/\/i-potentials.de\/de\/podcast-constanze-buchheim-fuehrungskraefte-macht-leadership\/#breadcrumb","itemListElement":[{"@type":"ListItem","position":1,"name":"Startseite","item":"https:\/\/i-potentials.de\/de\/"},{"@type":"ListItem","position":2,"name":"Podcast-Empfehlung: &#8222;Wegen guter F\u00fchrung&#8220; mit Constanze Buchheim"}]},{"@type":"WebSite","@id":"https:\/\/i-potentials.de\/de\/#website","url":"https:\/\/i-potentials.de\/de\/","name":"i-potentials","description":"","publisher":{"@id":"https:\/\/i-potentials.de\/de\/#organization"},"potentialAction":[{"@type":"SearchAction","target":{"@type":"EntryPoint","urlTemplate":"https:\/\/i-potentials.de\/de\/?s={search_term_string}"},"query-input":{"@type":"PropertyValueSpecification","valueRequired":true,"valueName":"search_term_string"}}],"inLanguage":"de"},{"@type":"Organization","@id":"https:\/\/i-potentials.de\/de\/#organization","name":"i-potentials GmbH","url":"https:\/\/i-potentials.de\/de\/","logo":{"@type":"ImageObject","inLanguage":"de","@id":"https:\/\/i-potentials.de\/de\/#\/schema\/logo\/image\/","url":"https:\/\/i-potentials.de\/wp-content\/uploads\/2021\/03\/i-potentials-logo.png","contentUrl":"https:\/\/i-potentials.de\/wp-content\/uploads\/2021\/03\/i-potentials-logo.png","width":500,"height":52,"caption":"i-potentials GmbH"},"image":{"@id":"https:\/\/i-potentials.de\/de\/#\/schema\/logo\/image\/"}},{"@type":"Person","@id":"https:\/\/i-potentials.de\/de\/#\/schema\/person\/618a45a92130f23978dfa11c0aeb119e","name":"Britt-Marie","image":{"@type":"ImageObject","inLanguage":"de","@id":"https:\/\/secure.gravatar.com\/avatar\/345b9ab9ab5893953a2379a0d5e051088bfae61cc19386f7efcc155aeca5fb36?s=96&d=mm&r=g","url":"https:\/\/secure.gravatar.com\/avatar\/345b9ab9ab5893953a2379a0d5e051088bfae61cc19386f7efcc155aeca5fb36?s=96&d=mm&r=g","contentUrl":"https:\/\/secure.gravatar.com\/avatar\/345b9ab9ab5893953a2379a0d5e051088bfae61cc19386f7efcc155aeca5fb36?s=96&d=mm&r=g","caption":"Britt-Marie"}}]}},"_links":{"self":[{"href":"https:\/\/i-potentials.de\/de\/wp-json\/wp\/v2\/posts\/17321","targetHints":{"allow":["GET"]}}],"collection":[{"href":"https:\/\/i-potentials.de\/de\/wp-json\/wp\/v2\/posts"}],"about":[{"href":"https:\/\/i-potentials.de\/de\/wp-json\/wp\/v2\/types\/post"}],"author":[{"embeddable":true,"href":"https:\/\/i-potentials.de\/de\/wp-json\/wp\/v2\/users\/7"}],"replies":[{"embeddable":true,"href":"https:\/\/i-potentials.de\/de\/wp-json\/wp\/v2\/comments?post=17321"}],"version-history":[{"count":2,"href":"https:\/\/i-potentials.de\/de\/wp-json\/wp\/v2\/posts\/17321\/revisions"}],"predecessor-version":[{"id":17325,"href":"https:\/\/i-potentials.de\/de\/wp-json\/wp\/v2\/posts\/17321\/revisions\/17325"}],"wp:featuredmedia":[{"embeddable":true,"href":"https:\/\/i-potentials.de\/de\/wp-json\/wp\/v2\/media\/17323"}],"wp:attachment":[{"href":"https:\/\/i-potentials.de\/de\/wp-json\/wp\/v2\/media?parent=17321"}],"wp:term":[{"taxonomy":"category","embeddable":true,"href":"https:\/\/i-potentials.de\/de\/wp-json\/wp\/v2\/categories?post=17321"},{"taxonomy":"post_tag","embeddable":true,"href":"https:\/\/i-potentials.de\/de\/wp-json\/wp\/v2\/tags?post=17321"}],"curies":[{"name":"wp","href":"https:\/\/api.w.org\/{rel}","templated":true}]}}